{"id":216,"date":"2016-09-06T05:41:35","date_gmt":"2016-09-06T05:41:35","guid":{"rendered":"http:\/\/parroquiabegona.archimadrid.es\/?p=216"},"modified":"2016-09-06T05:41:35","modified_gmt":"2016-09-06T05:41:35","slug":"de-vuelta-en-madrid-tras-unos-dias-de-descanso-en-torrenueva-grananda","status":"publish","type":"post","link":"https:\/\/parroquiabegona.archimadrid.es\/?p=216","title":{"rendered":"DE VUELTA EN MADRID, TRAS UNOS D\u00cdAS DE DESCANSO  EN TORRENUEVA (GRANANDA)."},"content":{"rendered":"<div align=\"center\"><\/div>\n<h2 style=\"text-align: justify;\">Casi todos\u00a0 los veranos suelo pasar unos d\u00edas de descanso \u00a0en nuestra casa del Beato Tito Brandsma, en Torrenueva (Granada).<\/h2>\n<h2 style=\"text-align: justify;\">Torrenueva es un pueblo peque\u00f1o de la costa granadina. Es un pueblo tranquilo, ideal para descansar unos d\u00edas junto al mar.<\/h2>\n<h2 style=\"text-align: justify;\">Recuerdo que,\u00a0 en a\u00f1os pasados, mi ilusi\u00f3n era ba\u00f1arme todos los d\u00edas y me entristec\u00eda cuando el mar aparec\u00eda brav\u00edo y no me pod\u00eda ba\u00f1ar.<\/h2>\n<h2 style=\"text-align: justify;\">\u00a0Este a\u00f1o, sin embargo, he cambiado de opini\u00f3n.\u00a0 Mirando\u00a0 al mar embravecido he pensado:\u00a0 \u00a1qu\u00e9 fant\u00e1stico espect\u00e1culo! \u00a0Me ha sobrepasado tanta belleza. Me he ensimismado en la contemplaci\u00f3n y he transcrito en unos versos mi experiencia de la que te hago part\u00edcipe.<\/h2>\n<h2 dir=\"ltr\" style=\"text-align: center;\"><span style=\"color: #002060;\">Un abrazo, Jos\u00e9 Peralbo, O.Carm.<\/span><\/h2>\n<p>&nbsp;<\/p>\n<p style=\"text-align: center;\"><strong><span style=\"color: #000000;\">MAR EMBRAVECIDA<\/span><\/strong><\/p>\n<p style=\"text-align: center;\"><strong><span style=\"color: #000000;\">(\u00a1A la mar embravecida de Torrenueva!)<\/span><\/strong><\/p>\n<p style=\"text-align: center;\"><strong><span style=\"color: #000000;\">\u00a0<\/span><\/strong><\/p>\n<p style=\"text-align: center;\"><span style=\"color: #000000;\">Avanzas con imperio,<\/span><\/p>\n<p style=\"text-align: center;\"><span style=\"color: #000000;\">rizando el agua,<\/span><\/p>\n<p style=\"text-align: center;\"><span style=\"color: #000000;\">y a tu paso se\u00f1alas<\/span><\/p>\n<p style=\"text-align: center;\"><span style=\"color: #000000;\">bancales de colores,<\/span><\/p>\n<p style=\"text-align: center;\"><span style=\"color: #000000;\">azul y malva.<\/span><\/p>\n<p style=\"text-align: center;\"><span style=\"color: #000000;\">\u00a0<\/span><\/p>\n<p style=\"text-align: center;\"><span style=\"color: #000000;\">Oh mar embravecida,<\/span><\/p>\n<p style=\"text-align: center;\"><span style=\"color: #000000;\">deleite de miradas,<\/span><\/p>\n<p style=\"text-align: center;\"><span style=\"color: #000000;\">El canto de tus olas<\/span><\/p>\n<p style=\"text-align: center;\"><span style=\"color: #000000;\">arrulla el alma.<\/span><\/p>\n<p style=\"text-align: center;\"><span style=\"color: #000000;\">\u00a0<\/span><\/p>\n<p style=\"text-align: center;\"><span style=\"color: #000000;\">\u00a1Oh surcos transversales<\/span><\/p>\n<p style=\"text-align: center;\"><span style=\"color: #000000;\">de aguas blancas,<\/span><\/p>\n<p style=\"text-align: center;\"><span style=\"color: #000000;\">que llegan a la orilla<\/span><\/p>\n<p style=\"text-align: center;\"><span style=\"color: #000000;\">en tromba derramada.<\/span><\/p>\n<p style=\"text-align: center;\"><span style=\"color: #000000;\">\u00a0<\/span><\/p>\n<p style=\"text-align: center;\"><span style=\"color: #000000;\">Oh mar embravecida,<\/span><\/p>\n<p style=\"text-align: center;\"><span style=\"color: #000000;\">inspiraci\u00f3n amada,<\/span><\/p>\n<p style=\"text-align: center;\"><span style=\"color: #000000;\">del pintor que contempla<\/span><\/p>\n<p style=\"text-align: center;\"><span style=\"color: #000000;\">sus cabalgatas.<\/span><\/p>\n<p style=\"text-align: center;\"><span style=\"color: #000000;\">\u00a0<\/span><\/p>\n<p style=\"text-align: center;\"><span style=\"color: #000000;\">D\u00e9jate seducir<\/span><\/p>\n<p style=\"text-align: center;\"><span style=\"color: #000000;\">por su mirada,<\/span><\/p>\n<p style=\"text-align: center;\"><span style=\"color: #000000;\">plasmada de impresiones,<\/span><\/p>\n<p style=\"text-align: center;\"><span style=\"color: #000000;\">en el lienzo del alma.<\/span><\/p>\n<p style=\"text-align: center;\"><span style=\"color: #000000;\">Jos\u00e9 Candelario\u00a0\u00a0 Torrenueva, 30-VII-2016<\/span><\/p>\n<p style=\"text-align: center;\">\n<p style=\"text-align: center;\"><strong><span style=\"color: #000000;\">EL MAR<\/span><\/strong><\/p>\n<p style=\"text-align: center;\"><span style=\"color: #000000;\">Riela, riela,<\/span><\/p>\n<p style=\"text-align: center;\"><span style=\"color: #000000;\">las aguas del mar,<\/span><\/p>\n<p style=\"text-align: center;\"><span style=\"color: #000000;\">rizadas, se alegran<\/span><\/p>\n<p style=\"text-align: center;\"><span style=\"color: #000000;\">con nuevo cantar.<\/span><\/p>\n<p style=\"text-align: center;\">\n<p style=\"text-align: center;\"><span style=\"color: #000000;\">En el Horizonte<\/span><\/p>\n<p style=\"text-align: center;\"><span style=\"color: #000000;\">se abrasan los montes<\/span><\/p>\n<p style=\"text-align: center;\"><span style=\"color: #000000;\">al ponerse el sol,<\/span><\/p>\n<p style=\"text-align: center;\"><span style=\"color: #000000;\">y en las playas mueren<\/span><\/p>\n<p style=\"text-align: center;\"><span style=\"color: #000000;\">las olas viajeras<\/span><\/p>\n<p style=\"text-align: center;\"><span style=\"color: #000000;\">con blanco primor.<\/span><\/p>\n<p style=\"text-align: center;\"><span style=\"color: #000000;\">Riela, riela,\u2026 etc. etc.<\/span><\/p>\n<p style=\"text-align: center;\"><span style=\"color: #000000;\">\u00a0<\/span><\/p>\n<p style=\"text-align: center;\"><span style=\"color: #000000;\">En la mar tranquila,<\/span><\/p>\n<p style=\"text-align: center;\"><span style=\"color: #000000;\">de espaldas al agua,<\/span><\/p>\n<p style=\"text-align: center;\"><span style=\"color: #000000;\">miraba yo al cielo,<\/span><\/p>\n<p style=\"text-align: center;\"><span style=\"color: #000000;\">y lo contemplaba,<\/span><\/p>\n<p style=\"text-align: center;\"><span style=\"color: #000000;\">ba\u00f1ando mi vida,<\/span><\/p>\n<p style=\"text-align: center;\"><span style=\"color: #000000;\">mi cuerpo y mi alma.<\/span><\/p>\n<p style=\"text-align: center;\"><span style=\"color: #000000;\">Riela, riela,\u2026 etc. etc.<\/span><\/p>\n<p style=\"text-align: center;\"><span style=\"color: #000000;\">\u00a0<\/span><\/p>\n<p style=\"text-align: center;\"><span style=\"color: #000000;\">Junto a la ribera<\/span><\/p>\n<p style=\"text-align: center;\"><span style=\"color: #000000;\">se levanta el pueblo,<\/span><\/p>\n<p style=\"text-align: center;\"><span style=\"color: #000000;\">pre\u00f1ado de vidas,<\/span><\/p>\n<p style=\"text-align: center;\"><span style=\"color: #000000;\">que buscan la playa<\/span><\/p>\n<p style=\"text-align: center;\"><span style=\"color: #000000;\">para refrescar<\/span><\/p>\n<p style=\"text-align: center;\"><span style=\"color: #000000;\">sus vidas cansadas.<\/span><\/p>\n<p style=\"text-align: center;\"><span style=\"color: #000000;\">Riela, riela,\u2026 etc. etc.<\/span><\/p>\n<p style=\"text-align: center;\"><span style=\"color: #000000;\">\u00a0<\/span><\/p>\n<p style=\"text-align: center;\"><span style=\"color: #000000;\">Desde el campanario<\/span><\/p>\n<p style=\"text-align: center;\"><span style=\"color: #000000;\">se anuncian las horas<\/span><\/p>\n<p style=\"text-align: center;\"><span style=\"color: #000000;\">en el tiempo exacto<\/span><\/p>\n<p style=\"text-align: center;\"><span style=\"color: #000000;\">y un toque de gracia<\/span><\/p>\n<p style=\"text-align: center;\"><span style=\"color: #000000;\">aroma el ambiente<\/span><\/p>\n<p style=\"text-align: center;\"><span style=\"color: #000000;\">para la oraci\u00f3n.<\/span><\/p>\n<p style=\"text-align: center;\"><span style=\"color: #000000;\">Riela, riela,\u2026 etc. etc.<\/span><\/p>\n<p style=\"text-align: center;\"><span style=\"color: #000000;\">\u00a0<\/span><\/p>\n<p style=\"text-align: center;\"><span style=\"color: #000000;\">Jos\u00e9 Candelario\u00a0\u00a0 Torrenueva, 30-VII-2016<\/span><\/p>\n<p style=\"text-align: center;\">\n<p style=\"text-align: center;\">\n","protected":false},"excerpt":{"rendered":"<p>Casi todos\u00a0 los veranos suelo pasar unos d\u00edas de descanso \u00a0en nuestra casa del Beato Tito Brandsma, en Torrenueva (Granada). Torrenueva es un pueblo peque\u00f1o de la costa granadina. Es un pueblo tranquilo, ideal para descansar unos d\u00edas junto al mar. Recuerdo que,\u00a0 en a\u00f1os pasados, mi ilusi\u00f3n era ba\u00f1arme todos los d\u00edas y me &#8230; <span class=\"more\"><a class=\"more-link\" href=\"https:\/\/parroquiabegona.archimadrid.es\/?p=216\">[Read more&#8230;]<\/a><\/span><\/p>\n","protected":false},"author":2,"featured_media":0,"comment_status":"closed","ping_status":"closed","sticky":false,"template":"","format":"standard","meta":[],"categories":[1],"tags":[],"_links":{"self":[{"href":"https:\/\/parroquiabegona.archimadrid.es\/index.php?rest_route=\/wp\/v2\/posts\/216"}],"collection":[{"href":"https:\/\/parroquiabegona.archimadrid.es\/index.php?rest_route=\/wp\/v2\/posts"}],"about":[{"href":"https:\/\/parroquiabegona.archimadrid.es\/index.php?rest_route=\/wp\/v2\/types\/post"}],"author":[{"embeddable":true,"href":"https:\/\/parroquiabegona.archimadrid.es\/index.php?rest_route=\/wp\/v2\/users\/2"}],"replies":[{"embeddable":true,"href":"https:\/\/parroquiabegona.archimadrid.es\/index.php?rest_route=%2Fwp%2Fv2%2Fcomments&post=216"}],"version-history":[{"count":1,"href":"https:\/\/parroquiabegona.archimadrid.es\/index.php?rest_route=\/wp\/v2\/posts\/216\/revisions"}],"predecessor-version":[{"id":217,"href":"https:\/\/parroquiabegona.archimadrid.es\/index.php?rest_route=\/wp\/v2\/posts\/216\/revisions\/217"}],"wp:attachment":[{"href":"https:\/\/parroquiabegona.archimadrid.es\/index.php?rest_route=%2Fwp%2Fv2%2Fmedia&parent=216"}],"wp:term":[{"taxonomy":"category","embeddable":true,"href":"https:\/\/parroquiabegona.archimadrid.es\/index.php?rest_route=%2Fwp%2Fv2%2Fcategories&post=216"},{"taxonomy":"post_tag","embeddable":true,"href":"https:\/\/parroquiabegona.archimadrid.es\/index.php?rest_route=%2Fwp%2Fv2%2Ftags&post=216"}],"curies":[{"name":"wp","href":"https:\/\/api.w.org\/{rel}","templated":true}]}}