{"id":212,"date":"2016-07-13T09:11:02","date_gmt":"2016-07-13T09:11:02","guid":{"rendered":"http:\/\/parroquiabegona.archimadrid.es\/?p=212"},"modified":"2016-07-13T09:11:02","modified_gmt":"2016-07-13T09:11:02","slug":"fiesta-de-nuestra-santisima-virgen-del-carmen-julio-2016","status":"publish","type":"post","link":"https:\/\/parroquiabegona.archimadrid.es\/?p=212","title":{"rendered":"FIESTA DE NUESTRA SANT\u00cdSIMA VIRGEN DEL CARMEN JULIO 2016"},"content":{"rendered":"<p><a href=\"http:\/\/parroquiabegona.archimadrid.es\/wp-content\/uploads\/2016\/07\/BRUNA.jpg\"><img loading=\"lazy\" class=\"aligncenter size-full wp-image-213\" src=\"http:\/\/parroquiabegona.archimadrid.es\/wp-content\/uploads\/2016\/07\/BRUNA.jpg\" alt=\"BRUNA\" width=\"1218\" height=\"1620\" srcset=\"https:\/\/parroquiabegona.archimadrid.es\/wp-content\/uploads\/2016\/07\/BRUNA.jpg 1218w, https:\/\/parroquiabegona.archimadrid.es\/wp-content\/uploads\/2016\/07\/BRUNA-225x300.jpg 225w, https:\/\/parroquiabegona.archimadrid.es\/wp-content\/uploads\/2016\/07\/BRUNA-769x1024.jpg 769w\" sizes=\"(max-width: 1218px) 100vw, 1218px\" \/><\/a><\/p>\n<h2 style=\"text-align: justify;\">El mes de julio es el mes dedicado a nuestra Sant\u00edsima Madre del Carmen. Toda la Familia Carmelita se pone en acci\u00f3n y programa las fiestas patronales, en sus respectivas casas, d\u00e1ndole la m\u00e1xima solemnidad.<\/h2>\n<h2 style=\"text-align: justify;\">Desde nuestra Parroquia de Bego\u00f1a felicitamos a toda la Familia Carmelita y a todas las personas que lleven el precioso nombre de Carmen, deseando que se cumpla en sus vidas la promesa a la que hace alusi\u00f3n la ant\u00edfona del Oficio de lectura \u00a0del d\u00eda de la Solemne Conmemoraci\u00f3n de la Bienaventurada Virgen Mar\u00eda del Monte Carmelo:<\/h2>\n<h2 style=\"text-align: center;\">\u201cLos traer\u00e9 a mi santo monte y los alegrar\u00e9 en mi casa de oraci\u00f3n\u201d (Is 56,7).<\/h2>\n<h1 style=\"text-align: center;\">FELICES FIESTAS<\/h1>\n<h1 style=\"text-align: center;\"><\/h1>\n<h2 style=\"text-align: justify;\"><\/h2>\n","protected":false},"excerpt":{"rendered":"<p>El mes de julio es el mes dedicado a nuestra Sant\u00edsima Madre del Carmen. Toda la Familia Carmelita se pone en acci\u00f3n y programa las fiestas patronales, en sus respectivas casas, d\u00e1ndole la m\u00e1xima solemnidad. Desde nuestra Parroquia de Bego\u00f1a felicitamos a toda la Familia Carmelita y a todas las personas que lleven el precioso &#8230; <span class=\"more\"><a class=\"more-link\" href=\"https:\/\/parroquiabegona.archimadrid.es\/?p=212\">[Read more&#8230;]<\/a><\/span><\/p>\n","protected":false},"author":2,"featured_media":0,"comment_status":"closed","ping_status":"closed","sticky":false,"template":"","format":"standard","meta":[],"categories":[1],"tags":[],"_links":{"self":[{"href":"https:\/\/parroquiabegona.archimadrid.es\/index.php?rest_route=\/wp\/v2\/posts\/212"}],"collection":[{"href":"https:\/\/parroquiabegona.archimadrid.es\/index.php?rest_route=\/wp\/v2\/posts"}],"about":[{"href":"https:\/\/parroquiabegona.archimadrid.es\/index.php?rest_route=\/wp\/v2\/types\/post"}],"author":[{"embeddable":true,"href":"https:\/\/parroquiabegona.archimadrid.es\/index.php?rest_route=\/wp\/v2\/users\/2"}],"replies":[{"embeddable":true,"href":"https:\/\/parroquiabegona.archimadrid.es\/index.php?rest_route=%2Fwp%2Fv2%2Fcomments&post=212"}],"version-history":[{"count":1,"href":"https:\/\/parroquiabegona.archimadrid.es\/index.php?rest_route=\/wp\/v2\/posts\/212\/revisions"}],"predecessor-version":[{"id":214,"href":"https:\/\/parroquiabegona.archimadrid.es\/index.php?rest_route=\/wp\/v2\/posts\/212\/revisions\/214"}],"wp:attachment":[{"href":"https:\/\/parroquiabegona.archimadrid.es\/index.php?rest_route=%2Fwp%2Fv2%2Fmedia&parent=212"}],"wp:term":[{"taxonomy":"category","embeddable":true,"href":"https:\/\/parroquiabegona.archimadrid.es\/index.php?rest_route=%2Fwp%2Fv2%2Fcategories&post=212"},{"taxonomy":"post_tag","embeddable":true,"href":"https:\/\/parroquiabegona.archimadrid.es\/index.php?rest_route=%2Fwp%2Fv2%2Ftags&post=212"}],"curies":[{"name":"wp","href":"https:\/\/api.w.org\/{rel}","templated":true}]}}