{"id":206,"date":"2016-07-01T06:45:58","date_gmt":"2016-07-01T06:45:58","guid":{"rendered":"http:\/\/parroquiabegona.archimadrid.es\/?p=206"},"modified":"2016-07-01T06:45:58","modified_gmt":"2016-07-01T06:45:58","slug":"la-virgen-del-carmen","status":"publish","type":"post","link":"https:\/\/parroquiabegona.archimadrid.es\/?p=206","title":{"rendered":"LA VIRGEN DEL CARMEN"},"content":{"rendered":"<h1 style=\"text-align: center;\">LA VIRGEN DEL CARMEN<\/h1>\n<h1 style=\"text-align: center;\">LA BRUNA DE LOS CARMELITAS DE NAPOLES<\/h1>\n<h1 style=\"text-align: center;\">PRESIDE EL PROGRAMA DE<\/h1>\n<h1 style=\"text-align: center;\">NUESTRAS FIESTAS POPULARES<\/h1>\n<p><a href=\"http:\/\/parroquiabegona.archimadrid.es\/wp-content\/uploads\/2016\/07\/IMAGEN-BRUNA.jpg\"><img loading=\"lazy\" class=\"aligncenter size-medium wp-image-207\" src=\"http:\/\/parroquiabegona.archimadrid.es\/wp-content\/uploads\/2016\/07\/IMAGEN-BRUNA-225x300.jpg\" alt=\"IMAGEN BRUNA\" width=\"225\" height=\"300\" srcset=\"https:\/\/parroquiabegona.archimadrid.es\/wp-content\/uploads\/2016\/07\/IMAGEN-BRUNA-225x300.jpg 225w, https:\/\/parroquiabegona.archimadrid.es\/wp-content\/uploads\/2016\/07\/IMAGEN-BRUNA-769x1024.jpg 769w, https:\/\/parroquiabegona.archimadrid.es\/wp-content\/uploads\/2016\/07\/IMAGEN-BRUNA.jpg 1218w\" sizes=\"(max-width: 225px) 100vw, 225px\" \/><\/a><\/p>\n<p>&nbsp;<\/p>\n<p style=\"text-align: justify;\">Una piadosa tradici\u00f3n cuenta que este icono fue tra\u00eddo por los Carmelitas cuando dejaron el Monte Carmelo, en una de sus fases de transmigraci\u00f3n a Europa, a partir del a\u00f1o 1238.<\/p>\n<p style=\"text-align: justify;\">Los ermita\u00f1os Carmelitas lo veneraban en el oratorio de la Comunidad, en el Monte Carmelo.<\/p>\n<p style=\"text-align: justify;\">Actualmente se venera en la Bas\u00edlica de Santa Mar\u00eda del Carmen, la Mayor,\u00a0 de\u00a0 N\u00e1poles.<\/p>\n<p style=\"text-align: justify;\">El nombre de la \u201cBruna\u201d, hace referencia al color moreno de la piel de la Virgen.<\/p>\n<p style=\"text-align: justify;\">El icono de la \u201cBruna\u201d de N\u00e1poles, es una de las representaciones m\u00e1s antiguas de la Virgen del Carmen. Esta imagen fue tan venerada en el Carmelo que, \u00a0a\u00fan hoy, se conservan unas 40 copias medievales en distintas ciudades.<\/p>\n<p style=\"text-align: justify;\">En casi toda Europa eran numerosas las iglesias carmelitas que ten\u00edan una copia de la misma. Por expreso deseo de los superiores se hicieron reproducciones de esta imagen con el fin de favorecer su devoci\u00f3n.<\/p>\n<p style=\"text-align: justify;\">Por la gran difusi\u00f3n de su culto, la imagen de la \u201cBruna\u201d fue solemnemente coronada por decreto del Cap\u00edtulo Vaticano, el 11 de julio de 1875.<\/p>\n<p style=\"text-align: justify;\">Ante esta imagen han orado los Papas, P\u00edo IX y Juan Pablo II, el beato Juan Soreth, el beato Nuncio Sulpizio, San Gerardo de Mayela, San Francisco Javier Bianchi y,\u00a0 probablemente, San Alfonso Mar\u00eda de Ligorio.<\/p>\n<p style=\"text-align: justify;\">El tipo iconogr\u00e1fico de la \u201cBruna\u201d de N\u00e1poles es el llamado \u201cVirgen de la ternura\u201d. El rostro de la Madre y del Hijo est\u00e1n en contacto como expresi\u00f3n de dulce intimidad. M\u00e1s en concreto, sigue el modelo del \u201cdulce amor\u201d. Esta representaci\u00f3n era muy com\u00fan en el oriente cristiano.<\/p>\n<p style=\"text-align: justify;\">El Carmelita, P. Manuel Boaga, comentando este icono, dice:<\/p>\n<p style=\"text-align: justify;\">\u201cLa estrella sobre uno de sus hombros es un signo tradicional de la virginidad de Mar\u00eda, antes, durante y despu\u00e9s del parto. El color azul del manto indica su maternidad divina y, el color rojo del vestido por debajo del manto y que cubre parte del Ni\u00f1o, indica el amor con el cual lo ama. Toda la composici\u00f3n proclama la realeza de la Madre de Dios\u201d.\u00a0 (Cf.: Emanuele\u00a0 Boaga, <em>Como piedras vivas, p.103. Edizioni Carmelitane. Roma, 1997) \u00a0 \u00a0 \u00a0 \u00a0 \u00a0 \u00a0 \u00a0 \u00a0 \u00a0 \u00a0 \u00a0 \u00a0 \u00a0 \u00a0 \u00a0 \u00a0 \u00a0 \u00a0 \u00a0 \u00a0 \u00a0 \u00a0 \u00a0 \u00a0 \u00a0 \u00a0 \u00a0 \u00a0 \u00a0<\/em><\/p>\n<p style=\"text-align: center;\"><strong>Jos\u00e9 Peralbo Ranchal, O.Carm.<\/strong><\/p>\n<p>&nbsp;<\/p>\n","protected":false},"excerpt":{"rendered":"<p>LA VIRGEN DEL CARMEN LA BRUNA DE LOS CARMELITAS DE NAPOLES PRESIDE EL PROGRAMA DE NUESTRAS FIESTAS POPULARES &nbsp; Una piadosa tradici\u00f3n cuenta que este icono fue tra\u00eddo por los Carmelitas cuando dejaron el Monte Carmelo, en una de sus fases de transmigraci\u00f3n a Europa, a partir del a\u00f1o 1238. Los ermita\u00f1os Carmelitas lo veneraban &#8230; <span class=\"more\"><a class=\"more-link\" href=\"https:\/\/parroquiabegona.archimadrid.es\/?p=206\">[Read more&#8230;]<\/a><\/span><\/p>\n","protected":false},"author":2,"featured_media":0,"comment_status":"closed","ping_status":"closed","sticky":false,"template":"","format":"standard","meta":[],"categories":[1],"tags":[],"_links":{"self":[{"href":"https:\/\/parroquiabegona.archimadrid.es\/index.php?rest_route=\/wp\/v2\/posts\/206"}],"collection":[{"href":"https:\/\/parroquiabegona.archimadrid.es\/index.php?rest_route=\/wp\/v2\/posts"}],"about":[{"href":"https:\/\/parroquiabegona.archimadrid.es\/index.php?rest_route=\/wp\/v2\/types\/post"}],"author":[{"embeddable":true,"href":"https:\/\/parroquiabegona.archimadrid.es\/index.php?rest_route=\/wp\/v2\/users\/2"}],"replies":[{"embeddable":true,"href":"https:\/\/parroquiabegona.archimadrid.es\/index.php?rest_route=%2Fwp%2Fv2%2Fcomments&post=206"}],"version-history":[{"count":1,"href":"https:\/\/parroquiabegona.archimadrid.es\/index.php?rest_route=\/wp\/v2\/posts\/206\/revisions"}],"predecessor-version":[{"id":208,"href":"https:\/\/parroquiabegona.archimadrid.es\/index.php?rest_route=\/wp\/v2\/posts\/206\/revisions\/208"}],"wp:attachment":[{"href":"https:\/\/parroquiabegona.archimadrid.es\/index.php?rest_route=%2Fwp%2Fv2%2Fmedia&parent=206"}],"wp:term":[{"taxonomy":"category","embeddable":true,"href":"https:\/\/parroquiabegona.archimadrid.es\/index.php?rest_route=%2Fwp%2Fv2%2Fcategories&post=206"},{"taxonomy":"post_tag","embeddable":true,"href":"https:\/\/parroquiabegona.archimadrid.es\/index.php?rest_route=%2Fwp%2Fv2%2Ftags&post=206"}],"curies":[{"name":"wp","href":"https:\/\/api.w.org\/{rel}","templated":true}]}}